{"id":27551,"date":"2020-04-03T15:12:34","date_gmt":"2020-04-03T15:12:34","guid":{"rendered":"http:\/\/clases-guitarra-valencia.com\/?p=27551"},"modified":"2020-04-03T15:13:23","modified_gmt":"2020-04-03T15:13:23","slug":"al-cantar-platero-y-tu","status":"publish","type":"post","link":"https:\/\/clases-guitarra-valencia.com\/blog\/al-cantar-platero-y-tu\/","title":{"rendered":"Al cantar (Platero y t\u00fa)"},"content":{"rendered":"\n<p>En esta ocasi\u00f3n vamos a aprender a tocar la canci\u00f3n de la extinta m\u00edtica banda Bilbaina, liderada por Fito Cabrales, Platero y t\u00fa.<\/p>\n\n\n\n<p>Se trata de una canci\u00f3n perteneciente a su \u00e1lbum &#8216;Hay poco rock and roll&#8217; y cuyo \u00e9xito la situ\u00f3 entre una de las favoritas de sus fans. La canci\u00f3n se estructura b\u00e1sicamente dentro de tres progresiones arm\u00f3nicas (acordes) diferentes.<\/p>\n\n\n\n<p>La primera es la empleada tanto para las partes instrumentales como las estrofas, otra para el estribillo y una tercera en la coda (final de la canci\u00f3n) <\/p>\n\n\n\n<p>El tema se encuentra por entero en la tonalidad de DO mayor, de manera que todas las partes instrumentales se podr\u00edan improvisar a partir de su modo menor relativo, LA menor, siendo la escala pentat\u00f3nica el recurso m\u00e1s comunmente empleado en estos casos.<br><br>Sin embargo, para darle un aire m\u00e1s blues en mi caso voy a improvisarla dentro del modo de DO menor (escala pent\u00e1tonica).<\/p>\n\n\n\n<p> [embedyt] https:\/\/www.youtube.com\/embed?listType=playlist&amp;list=PLtdbr5QY_w1-a0JPKVNQyzY9UKyMSeJXe&amp;layout=gallery[\/embedyt] <br><br>Acordes de la canci\u00f3n:<br><br><\/p>\n\n\n\n<p>    DO&nbsp; &nbsp; &nbsp; &nbsp; &nbsp; &nbsp;           SOL &nbsp; &nbsp; &nbsp; &nbsp; &nbsp;          &nbsp; LAm&nbsp; &nbsp; &nbsp; &nbsp; &nbsp;             &nbsp; &nbsp; FA<\/p>\n\n\n\n<p>Al cantar me puedo olvidar de todos los malos momentos,<\/p>\n\n\n\n<p>DO&nbsp; &nbsp; &nbsp; SOL &nbsp; &nbsp; FA &nbsp; &nbsp; DO<\/p>\n\n\n\n<p>convertir en virtud defectos.<\/p>\n\n\n\n<p>\u00a0\u00a0DO           SOL \u00a0 \u00a0 \u00a0 \u00a0 \u00a0 LAm \u00a0 \u00a0 \u00a0 \u00a0 \u00a0 \u00a0 \u00a0 FA<\/p>\n\n\n\n<p>Desterrar la vulgaridad aunque solo sea un momento,<\/p>\n\n\n\n<p>DO &nbsp; &nbsp; &nbsp; SOL&nbsp; &nbsp; &nbsp; FA&nbsp; &nbsp; &nbsp; DO<\/p>\n\n\n\n<p>y sentir,que no estamos muertos.<br><\/p>\n\n\n\n<p>          FA &nbsp; &nbsp; &nbsp; &nbsp; &nbsp; &nbsp; &nbsp; SOL<\/p>\n\n\n\n<p>No es placer, es necesidad,<\/p>\n\n\n\n<p>&nbsp;&nbsp;&nbsp;&nbsp;LAm &nbsp; &nbsp; SOL   &nbsp; &nbsp; &nbsp; &nbsp; &nbsp; FA<\/p>\n\n\n\n<p>es viento, es lluvia y es fuego.<\/p>\n\n\n\n<p>DO&nbsp; &nbsp; &nbsp; SOL &nbsp; FA&nbsp; &nbsp; DO<\/p>\n\n\n\n<p>Derramar todos mis secretos.<\/p>\n\n\n\n<p>DO&nbsp; &nbsp; &nbsp; &nbsp; &nbsp; &nbsp; SOL<\/p>\n\n\n\n<p>Y busqu\u00e9 en el fondo del mar,<\/p>\n\n\n\n<p>&nbsp;&nbsp;&nbsp;LAm &nbsp; &nbsp; &nbsp; &nbsp; &nbsp; &nbsp; &nbsp; &nbsp; FA<\/p>\n\n\n\n<p>en las monta\u00f1as y en el cielo,<\/p>\n\n\n\n<p>DO &nbsp; &nbsp; &nbsp; &nbsp; &nbsp; &nbsp; SOL&nbsp; &nbsp; &nbsp; FA&nbsp; &nbsp; &nbsp; DO<\/p>\n\n\n\n<p>la manera de hacer realidad mis sue\u00f1os.<\/p>\n\n\n\n<p>DO&nbsp; &nbsp; &nbsp; &nbsp; &nbsp; SOL &nbsp; &nbsp; &nbsp; &nbsp; &nbsp; LAm&nbsp; &nbsp; &nbsp; &nbsp; &nbsp; &nbsp; &nbsp; FA<\/p>\n\n\n\n<p>Encontr\u00e9 en el coraz\u00f3n el mapa de los sentimientos,<\/p>\n\n\n\n<p>DO&nbsp; &nbsp; &nbsp; &nbsp; SOL&nbsp; &nbsp; FA &nbsp; &nbsp; DO<\/p>\n\n\n\n<p>ya lo ves, no estaba tan lejos.<br><\/p>\n\n\n\n<p>FA &nbsp; &nbsp; &nbsp; &nbsp; &nbsp; &nbsp; &nbsp; SOL<\/p>\n\n\n\n<p>No es placer, es necesidad,<\/p>\n\n\n\n<p>&nbsp;&nbsp;&nbsp;&nbsp;LAm&nbsp; &nbsp; &nbsp; &nbsp; SOL      &nbsp; &nbsp; FA<\/p>\n\n\n\n<p>es viento, es lluvia y es fuego.<\/p>\n\n\n\n<p>DO&nbsp; &nbsp; &nbsp; SOL &nbsp; FA&nbsp; &nbsp; DO<\/p>\n\n\n\n<p>Derramar todos mis secretos.<\/p>\n\n\n\n<p>FA&nbsp; &nbsp; &nbsp; &nbsp; &nbsp; SOL<\/p>\n\n\n\n<p>Esnifar los rayos del Sol,<\/p>\n\n\n\n<p>&nbsp;LAm&nbsp; &nbsp; &nbsp; SOL    &nbsp; &nbsp; FA<\/p>\n\n\n\n<p>y descongelar el cerebro;<\/p>\n\n\n\n<p>DO&nbsp; &nbsp; &nbsp; SOL&nbsp; &nbsp; &nbsp; &nbsp; FA&nbsp; &nbsp; &nbsp; DO<\/p>\n\n\n\n<p>y sentir, que no estamos muertos.<br><\/p>\n\n\n\n<p>  Lam&nbsp; &nbsp; &nbsp; &nbsp; SOL&nbsp; &nbsp; FA   &nbsp; &nbsp; DO<\/p>\n\n\n\n<p>Y sentir, que no estamos muertos,<\/p>\n\n\n\n<p>y sentir, que no estamos muertos,<\/p>\n\n\n\n<p>y sentir, que no estamos muertos,<\/p>\n\n\n\n<p>y sentir, que no estamos muertos&#8230;<br><\/p>\n\n\n\n<p><\/p>\n\n\n\n<p> <\/p>\n","protected":false},"excerpt":{"rendered":"<p>En esta ocasi\u00f3n vamos a aprender a tocar la canci\u00f3n de la extinta m\u00edtica banda Bilbaina, liderada por Fito Cabrales, Platero y t\u00fa. Se trata de una canci\u00f3n perteneciente a su \u00e1lbum &#8216;Hay poco rock and roll&#8217; y cuyo \u00e9xito la situ\u00f3 entre una de las favoritas de sus fans. La canci\u00f3n se estructura b\u00e1sicamente [&hellip;]<\/p>\n","protected":false},"author":1,"featured_media":0,"comment_status":"open","ping_status":"open","sticky":false,"template":"","format":"standard","meta":{"footnotes":""},"categories":[1],"tags":[],"class_list":["post-27551","post","type-post","status-publish","format-standard","hentry","category-sin-categoria"],"_links":{"self":[{"href":"https:\/\/clases-guitarra-valencia.com\/blog\/wp-json\/wp\/v2\/posts\/27551","targetHints":{"allow":["GET"]}}],"collection":[{"href":"https:\/\/clases-guitarra-valencia.com\/blog\/wp-json\/wp\/v2\/posts"}],"about":[{"href":"https:\/\/clases-guitarra-valencia.com\/blog\/wp-json\/wp\/v2\/types\/post"}],"author":[{"embeddable":true,"href":"https:\/\/clases-guitarra-valencia.com\/blog\/wp-json\/wp\/v2\/users\/1"}],"replies":[{"embeddable":true,"href":"https:\/\/clases-guitarra-valencia.com\/blog\/wp-json\/wp\/v2\/comments?post=27551"}],"version-history":[{"count":3,"href":"https:\/\/clases-guitarra-valencia.com\/blog\/wp-json\/wp\/v2\/posts\/27551\/revisions"}],"predecessor-version":[{"id":27556,"href":"https:\/\/clases-guitarra-valencia.com\/blog\/wp-json\/wp\/v2\/posts\/27551\/revisions\/27556"}],"wp:attachment":[{"href":"https:\/\/clases-guitarra-valencia.com\/blog\/wp-json\/wp\/v2\/media?parent=27551"}],"wp:term":[{"taxonomy":"category","embeddable":true,"href":"https:\/\/clases-guitarra-valencia.com\/blog\/wp-json\/wp\/v2\/categories?post=27551"},{"taxonomy":"post_tag","embeddable":true,"href":"https:\/\/clases-guitarra-valencia.com\/blog\/wp-json\/wp\/v2\/tags?post=27551"}],"curies":[{"name":"wp","href":"https:\/\/api.w.org\/{rel}","templated":true}]}}