{"id":27587,"date":"2020-04-06T11:49:51","date_gmt":"2020-04-06T11:49:51","guid":{"rendered":"http:\/\/clases-guitarra-valencia.com\/?p=27587"},"modified":"2020-04-06T11:49:53","modified_gmt":"2020-04-06T11:49:53","slug":"el-oportunista-leno-version-para-bajo","status":"publish","type":"post","link":"https:\/\/clases-guitarra-valencia.com\/blog\/el-oportunista-leno-version-para-bajo\/","title":{"rendered":"El oportunista (Le\u00f1o) versi\u00f3n para bajo"},"content":{"rendered":"<p>La canci\u00f3n &#8216;El oportunista&#8217; es el segundo corte del \u00e1lbum de debuti del grupo\u00a0<a title=\"Le\u00f1o\" href=\"https:\/\/es.wikipedia.org\/wiki\/Le%C3%B1o\">Le\u00f1<\/a>o.<\/p>\n<p>Una canci\u00f3n que destaca por su gran variedad de riffs y arreglos musicales en sus diferentes pistas de guitarra, bater\u00eda y bajo, dotando a la parte instrumental de un gran peso dentro de la propia composici\u00f3n del tema.<\/p>\n<p>Estructura:<\/p>\n<p>La duraci\u00f3n del tema es de 4:26 y su estructura comienza a partir de un riff que resultar\u00e1 recurrente a lo largo de toda la canci\u00f3n, para dar paso a un segundo riff que ser\u00e1 el que sirva como nexo entre el primero y la estrofa. (se trata de un tema carente de estribillo) El tema a su vez cuenta con un solo de guitarra y uno de bajo para volver a la parte de la estrofa y cerrar con una coda final que resulta similar a la del primer riff.<\/p>\n<p>Explicaci\u00f3n parte por parte:<\/p>\n<p>[embedyt] https:\/\/www.youtube.com\/watch?v=dFKUIhG-alM[\/embedyt]<\/p>\n<p>Cover de bajo:<\/p>\n<p>[embedyt] https:\/\/www.youtube.com\/watch?v=5_AHvDDHxlI[\/embedyt]<\/p>\n","protected":false},"excerpt":{"rendered":"<p>La canci\u00f3n &#8216;El oportunista&#8217; es el segundo corte del \u00e1lbum de debuti del grupo\u00a0Le\u00f1o. Una canci\u00f3n que destaca por su gran variedad de riffs y arreglos musicales en sus diferentes pistas de guitarra, bater\u00eda y bajo, dotando a la parte instrumental de un gran peso dentro de la propia composici\u00f3n del tema. Estructura: La duraci\u00f3n [&hellip;]<\/p>\n","protected":false},"author":1,"featured_media":0,"comment_status":"open","ping_status":"open","sticky":false,"template":"","format":"standard","meta":{"footnotes":""},"categories":[1],"tags":[],"class_list":["post-27587","post","type-post","status-publish","format-standard","hentry","category-sin-categoria"],"_links":{"self":[{"href":"https:\/\/clases-guitarra-valencia.com\/blog\/wp-json\/wp\/v2\/posts\/27587","targetHints":{"allow":["GET"]}}],"collection":[{"href":"https:\/\/clases-guitarra-valencia.com\/blog\/wp-json\/wp\/v2\/posts"}],"about":[{"href":"https:\/\/clases-guitarra-valencia.com\/blog\/wp-json\/wp\/v2\/types\/post"}],"author":[{"embeddable":true,"href":"https:\/\/clases-guitarra-valencia.com\/blog\/wp-json\/wp\/v2\/users\/1"}],"replies":[{"embeddable":true,"href":"https:\/\/clases-guitarra-valencia.com\/blog\/wp-json\/wp\/v2\/comments?post=27587"}],"version-history":[{"count":1,"href":"https:\/\/clases-guitarra-valencia.com\/blog\/wp-json\/wp\/v2\/posts\/27587\/revisions"}],"predecessor-version":[{"id":27588,"href":"https:\/\/clases-guitarra-valencia.com\/blog\/wp-json\/wp\/v2\/posts\/27587\/revisions\/27588"}],"wp:attachment":[{"href":"https:\/\/clases-guitarra-valencia.com\/blog\/wp-json\/wp\/v2\/media?parent=27587"}],"wp:term":[{"taxonomy":"category","embeddable":true,"href":"https:\/\/clases-guitarra-valencia.com\/blog\/wp-json\/wp\/v2\/categories?post=27587"},{"taxonomy":"post_tag","embeddable":true,"href":"https:\/\/clases-guitarra-valencia.com\/blog\/wp-json\/wp\/v2\/tags?post=27587"}],"curies":[{"name":"wp","href":"https:\/\/api.w.org\/{rel}","templated":true}]}}