{"id":27605,"date":"2020-04-06T13:30:42","date_gmt":"2020-04-06T13:30:42","guid":{"rendered":"http:\/\/clases-guitarra-valencia.com\/?p=27605"},"modified":"2025-07-24T14:20:42","modified_gmt":"2025-07-24T14:20:42","slug":"extensiones-de-acordes","status":"publish","type":"post","link":"https:\/\/clases-guitarra-valencia.com\/blog\/extensiones-de-acordes\/","title":{"rendered":"Extensiones de acordes"},"content":{"rendered":"\n<p>Entendamos a las diferentes notas musicales como colores sobre una paleta enorme. En base a su combinaci\u00f3n conseguiremos diferentes gamas y tonalidades. En este sentido  las tensiones y extensiones nos a a\u00f1adir<strong> a un acorde base un nuevo matiz y sonoridad al mismo<\/strong>. Son el ABC del guitarrista de en determinados estilos como ahora el Jazz y menos com\u00fan en otros como ahora el pop, rock y nada usados en otros como heavy metal.<\/p>\n\n\n\n<p>En principio, a un acorde puedes a\u00f1adirle tantas tensiones y extensiones como desees, aunque la pericia est\u00e1 en <strong>usar las que necesites en cada momento<\/strong> y el \u00absentimiento que quieras aportar\u00bb a partir de dicho uso. Como en la guitarra s\u00f3lo tenemos seis cuerdas no podemos hacer acordes de m\u00e1s de seis notas, por lo que es habitual no tocar la fundamental y\/o la quinta.<\/p>\n\n\n\n<p>Cada tipo de acorde acepta una serie de tensiones y extensiones espec\u00edficas y algunas notas que, en principio, deben \u00abevitarse\u00bb.&nbsp;<\/p>\n\n\n\n<p>Los acordes extendidos <strong>se denominan de acuerdo a las extensiones que poseen y<\/strong> <strong>tienen en com\u00fan<\/strong> <strong>que<\/strong>:<\/p>\n\n\n\n<ul class=\"wp-block-list\"><li><strong>S<\/strong>iempre partimos de la triada b\u00e1sica (I,III, V) o (I, bIII, V) dependiendo si es mayor o menor respectivamente. A partir de ah\u00ed iremos sumando notas a dicha triada <\/li><li>Al a\u00f1adir las extensiones al acorde <strong>no se altera su funci\u00f3n arm\u00f3nica b\u00e1sica<\/strong>. <br><\/li><li>Todos los acordes que tienen delante un nota add quiere decir que a\u00f1adimos esta nota en concreto de la escala mayor. Por ejemplo un Cadd9 tendr\u00e1 el (I,III, V) y le a\u00f1adimos la nota (IX) en este caso , es decir un RE. <br><\/li><li>En caso de que directamente aparezca el n\u00famero C7 entonces iremos sumando notas a la paleta. Significa que un acorde de C9 tendr\u00eda (I, III, V) pero adem\u00e1s le a\u00f1adir\u00edamos (bVII) . Si fuese C9 entonces idem (I, III, V, bVII) y adem\u00e1s a\u00f1adir\u00edamos XIII. En el caso de C11 (I,III, V, bVII, IX) y a\u00f1adimos XIII. <\/li><\/ul>\n\n\n\n<p>La regla fundamental que sirve para saber las extensiones de cada acorde son las mismas que para la formaci\u00f3n de acordes mayores, menores&#8230; Si hablamos de composici\u00f3n dentro de tonalidad mayor, sin generar disonancias tendremos que asegurarnos que las notas que forman parte de dicho acorde est\u00e1n dentro de la propia tonalidad de la canci\u00f3n en la que compongo. <\/p>\n\n\n\n<p>A continuaci\u00f3n te voy a mostrar, de manera general,\u00a0las principales<strong>\u00a0extensiones para los acordes Maj7, m7 y<\/strong> 7<\/p>\n\n\n\n<h3 class=\"wp-block-heading\">EXTENSIONES PARA EL ACORDE MAJ7<\/h3>\n\n\n\n<p>Un acorde Maj7 est\u00e1 formado por las notas 1, 3, 5 y 7, a las que se puede a\u00f1adir la<strong>&nbsp;9, #11 y 13<\/strong>.<\/p>\n\n\n\n<p><em>NOTA<\/em>: Recuerda que para calcular los intervalos m\u00e1s amplios que una octava (intervalos compuestos) es m\u00e1s sencillo pensar que la 9\u00aa es la 2\u00aa, la 11\u00aa es la 4\u00aa y la 13\u00aa es la 6\u00aa.<\/p>\n\n\n\n<figure class=\"wp-block-image\"><img decoding=\"async\" src=\"https:\/\/images.squarespace-cdn.com\/content\/v1\/56c240a0d51cd440f4c3f6ca\/1474966565417-03W2X1HTO2Q5E2WRRPGP\/ke17ZwdGBToddI8pDm48kKfYiObAMbW4eVb5nwQYR7JZw-zPPgdn4jUwVcJE1ZvWQUxwkmyExglNqGp0IvTJZUJFbgE-7XRK3dMEBRBhUpxvNMYKdj9OQTcMM6eM5tjtYJZyNlHfENzBNyghU124rruoZBVQsN4CUuV4iRwbwkE\/Acordes+de+guitarra+pdf%3A+tensiones+acordes+jazz?format=750w\" alt=\"Acordes de guitarra pdf: tensiones acordes jazz\"\/><\/figure>\n\n\n\n<h3 class=\"wp-block-heading\">EXTENSIONES PARA EL ACORDE MENOR 7<\/h3>\n\n\n\n<p>Un acorde menor 7 est\u00e1 formado por las notas 1, b3, 5 y b7, a las que se puede a\u00f1adir la <strong>&nbsp;9, 11 y 13<\/strong>.<\/p>\n\n\n\n<p><em>NOTA<\/em>: Hay que tener cuidado porque <strong>la 9\u00aa puede resultar conflictiva <\/strong>cuando est\u00e1 formada sobre el Grado III de la Tonalidad Mayor.<\/p>\n\n\n\n<figure class=\"wp-block-image\"><img decoding=\"async\" src=\"https:\/\/images.squarespace-cdn.com\/content\/v1\/56c240a0d51cd440f4c3f6ca\/1474976903916-JQ63FWOIWBTLM262B65X\/ke17ZwdGBToddI8pDm48kKE8Ev4jnxNSZGqhKK9LPEBZw-zPPgdn4jUwVcJE1ZvWQUxwkmyExglNqGp0IvTJZUJFbgE-7XRK3dMEBRBhUpzReZiMobbONGysc-rIK527-3R6_P-pIL8wzpuYp5QxkvuE--4YVxUMmrgpnQfx1L0\/Acordes+de+guitarra+pdf%3A+tensiones+acordes+jazz?format=750w\" alt=\"Acordes de guitarra pdf: tensiones acordes jazz\"\/><\/figure>\n\n\n\n<h3 class=\"wp-block-heading\">EXTENSIONES PARA EL ACORDE DE 7<\/h3>\n\n\n\n<p>El acorde de s\u00e9ptima de dominante es, por su propia naturaleza, <strong>el que m\u00e1s tensiones y extensiones acepta<\/strong>. De hecho podemos decir que existen dos tipos:<\/p>\n\n\n\n<ul class=\"wp-block-list\"><li> Incluyen la <strong>9\u00aa, 11\u00aa y 13\u00aa (extensiones)<\/strong>, al igual que un acorde mayor. La estructura de cada uno de los acordes es la siguiente:<ul><li>Acorde 7(9): 1, 3, 5, 7b y 9.<\/li><li>Acorde 7(11): 1, 3, 5, 7b, 9 y 11.<\/li><li>Acorde 7(13): 1, 3, 5, 7b, 9 y 1<\/li><\/ul><\/li><\/ul>\n\n\n\n<figure class=\"wp-block-image\"><img decoding=\"async\" src=\"https:\/\/images.squarespace-cdn.com\/content\/v1\/56c240a0d51cd440f4c3f6ca\/1474977051351-52N07QG9UV7MPBSIZPR1\/ke17ZwdGBToddI8pDm48kBRK1ckhSkI197mDNuVfiUZZw-zPPgdn4jUwVcJE1ZvWQUxwkmyExglNqGp0IvTJZUJFbgE-7XRK3dMEBRBhUpzHqb08mhrd9zTVSddUkZ9F5nV70RatPdB9EgZJ9m4qZkhYPhzLNnu5w05J8P4cVAA\/Acordes+de+guitarra+pdf%3A+tensiones+acordes+jazz?format=750w\" alt=\"Acordes de guitarra pdf: tensiones acordes jazz\"\/><\/figure>\n\n\n\n<p>Cuadro resumen de posibles extensiones en funci\u00f3n del grado de la escala:<br><\/p>\n\n\n\n<figure class=\"wp-block-image\"><img decoding=\"async\" src=\"https:\/\/images.squarespace-cdn.com\/content\/v1\/56c240a0d51cd440f4c3f6ca\/1474981491365-4VR3TO5RS1L01JGV9LD6\/ke17ZwdGBToddI8pDm48kMLm3lk1f2wte60JJtz2LgIUqsxRUqqbr1mOJYKfIPR7LoDQ9mXPOjoJoqy81S2I8N_N4V1vUb5AoIIIbLZhVYxCRW4BPu10St3TBAUQYVKcLQKWzJTzQfS6K9jY3RZldruX6k0Gak_Qpd3GSLqL8WCEnMOg1C0_5P14cPdAY_Nd\/image-asset.jpeg?format=1500w\" alt=\"\"\/><\/figure>\n","protected":false},"excerpt":{"rendered":"<p>Entendamos a las diferentes notas musicales como colores sobre una paleta enorme. En base a su combinaci\u00f3n conseguiremos diferentes gamas y tonalidades. En este sentido las tensiones y extensiones nos a a\u00f1adir a un acorde base un nuevo matiz y sonoridad al mismo. Son el ABC del guitarrista de en determinados estilos como ahora el [&hellip;]<\/p>\n","protected":false},"author":1,"featured_media":0,"comment_status":"open","ping_status":"open","sticky":false,"template":"","format":"standard","meta":{"footnotes":""},"categories":[40],"tags":[],"class_list":["post-27605","post","type-post","status-publish","format-standard","hentry","category-armonia-2"],"_links":{"self":[{"href":"https:\/\/clases-guitarra-valencia.com\/blog\/wp-json\/wp\/v2\/posts\/27605","targetHints":{"allow":["GET"]}}],"collection":[{"href":"https:\/\/clases-guitarra-valencia.com\/blog\/wp-json\/wp\/v2\/posts"}],"about":[{"href":"https:\/\/clases-guitarra-valencia.com\/blog\/wp-json\/wp\/v2\/types\/post"}],"author":[{"embeddable":true,"href":"https:\/\/clases-guitarra-valencia.com\/blog\/wp-json\/wp\/v2\/users\/1"}],"replies":[{"embeddable":true,"href":"https:\/\/clases-guitarra-valencia.com\/blog\/wp-json\/wp\/v2\/comments?post=27605"}],"version-history":[{"count":6,"href":"https:\/\/clases-guitarra-valencia.com\/blog\/wp-json\/wp\/v2\/posts\/27605\/revisions"}],"predecessor-version":[{"id":27613,"href":"https:\/\/clases-guitarra-valencia.com\/blog\/wp-json\/wp\/v2\/posts\/27605\/revisions\/27613"}],"wp:attachment":[{"href":"https:\/\/clases-guitarra-valencia.com\/blog\/wp-json\/wp\/v2\/media?parent=27605"}],"wp:term":[{"taxonomy":"category","embeddable":true,"href":"https:\/\/clases-guitarra-valencia.com\/blog\/wp-json\/wp\/v2\/categories?post=27605"},{"taxonomy":"post_tag","embeddable":true,"href":"https:\/\/clases-guitarra-valencia.com\/blog\/wp-json\/wp\/v2\/tags?post=27605"}],"curies":[{"name":"wp","href":"https:\/\/api.w.org\/{rel}","templated":true}]}}