{"id":32048,"date":"2020-05-23T22:37:16","date_gmt":"2020-05-23T22:37:16","guid":{"rendered":"http:\/\/clases-guitarra-valencia.com\/?p=32048"},"modified":"2025-07-21T10:28:25","modified_gmt":"2025-07-21T10:28:25","slug":"aprende-a-tocar-en-guitarra-my-medicine-the-pretty-reckless","status":"publish","type":"post","link":"https:\/\/clases-guitarra-valencia.com\/blog\/aprende-a-tocar-en-guitarra-my-medicine-the-pretty-reckless\/","title":{"rendered":"Aprende a tocar en guitarra My medicine, The pretty reckless"},"content":{"rendered":"\n<p>En esta ocasi\u00f3n vamos a estudiar la canci\u00f3n de la banda banda\u00a0\u00a0de\u00a0hard rock\u00a0originaria en Nueva York, integrada liderada por\u00a0Taylor Momsen.<br><br>Se trata de una canci\u00f3n sencilla, basada en un riff principal que se emplear\u00e1 como base de sobre la discurrir\u00e1 la mayor parte de la canci\u00f3n y que tan solo se ver\u00e1 alterada por un puente.  Por tanto se trata de una canci\u00f3n ideal para aprender a tocar los acordes en quinta en guitarra para aquellas personas que se est\u00e1n iniciando.<br><br>En esta ocasi\u00f3n la banda emplea una afinaci\u00f3n alternativa a la standard (Afinicaci\u00f3n de Mi), bajando a todas las notas medio tono (Eb, Bb, Gb, Db,Ab,Eb) personalmente yo he optado por no cambiar la afinaci\u00f3n de la guitarra, sino emplear los acordes en quinta un semitono por debajo de la versi\u00f3n original consiguiendo un sonido similar al de la banda.<br><br><br>Aqu\u00ed el video tutorial sobre la canci\u00f3n:<br><br>[embedyt] https:\/\/www.youtube.com\/embed?listType=playlist&amp;list=PLtdbr5QY_w1-RYnHkiieGWFFGz66WajeT&amp;layout=gallery[\/embedyt]<br><\/p>\n\n\n<p>Aqu\u00ed el guitar pro (en afinaci\u00f3n standard, recomiendo solo usarlo como referencia por los tiempos, pero emplear acord https:\/\/www.youtube.com\/watch?v=cJMSDlWlfMMes en quinta como en el video para tocar la canci\u00f3n):<br \/><br \/><a href=\"https:\/\/clases-guitarra-valencia.com\/blog\/wp-content\/uploads\/2020\/05\/The-Pretty-Reckless-My-Medicine-ver-2.zip\">The Pretty Reckless &#8211; My Medicine (ver 2)<\/a><\/p>\n\n\n<p>Aqu\u00ed para escuchar la canci\u00f3n:  <a href=\"https:\/\/www.youtube.com\/watch?v=cJMSDlWlfMM\">https:\/\/www.youtube.com\/watch?v=cJMSDlWlfMM<\/a><\/p>\n","protected":false},"excerpt":{"rendered":"<p>En esta ocasi\u00f3n vamos a estudiar la canci\u00f3n de la banda banda\u00a0\u00a0de\u00a0hard rock\u00a0originaria en Nueva York, integrada liderada por\u00a0Taylor Momsen. Se trata de una canci\u00f3n sencilla, basada en un riff principal que se emplear\u00e1 como base de sobre la discurrir\u00e1 la mayor parte de la canci\u00f3n y que tan solo se ver\u00e1 alterada por un [&hellip;]<\/p>\n","protected":false},"author":1,"featured_media":0,"comment_status":"open","ping_status":"open","sticky":false,"template":"","format":"standard","meta":{"footnotes":""},"categories":[1],"tags":[],"class_list":["post-32048","post","type-post","status-publish","format-standard","hentry","category-sin-categoria"],"_links":{"self":[{"href":"https:\/\/clases-guitarra-valencia.com\/blog\/wp-json\/wp\/v2\/posts\/32048","targetHints":{"allow":["GET"]}}],"collection":[{"href":"https:\/\/clases-guitarra-valencia.com\/blog\/wp-json\/wp\/v2\/posts"}],"about":[{"href":"https:\/\/clases-guitarra-valencia.com\/blog\/wp-json\/wp\/v2\/types\/post"}],"author":[{"embeddable":true,"href":"https:\/\/clases-guitarra-valencia.com\/blog\/wp-json\/wp\/v2\/users\/1"}],"replies":[{"embeddable":true,"href":"https:\/\/clases-guitarra-valencia.com\/blog\/wp-json\/wp\/v2\/comments?post=32048"}],"version-history":[{"count":4,"href":"https:\/\/clases-guitarra-valencia.com\/blog\/wp-json\/wp\/v2\/posts\/32048\/revisions"}],"predecessor-version":[{"id":32056,"href":"https:\/\/clases-guitarra-valencia.com\/blog\/wp-json\/wp\/v2\/posts\/32048\/revisions\/32056"}],"wp:attachment":[{"href":"https:\/\/clases-guitarra-valencia.com\/blog\/wp-json\/wp\/v2\/media?parent=32048"}],"wp:term":[{"taxonomy":"category","embeddable":true,"href":"https:\/\/clases-guitarra-valencia.com\/blog\/wp-json\/wp\/v2\/categories?post=32048"},{"taxonomy":"post_tag","embeddable":true,"href":"https:\/\/clases-guitarra-valencia.com\/blog\/wp-json\/wp\/v2\/tags?post=32048"}],"curies":[{"name":"wp","href":"https:\/\/api.w.org\/{rel}","templated":true}]}}