{"id":32194,"date":"2021-03-21T08:50:44","date_gmt":"2021-03-21T08:50:44","guid":{"rendered":"http:\/\/clases-guitarra-valencia.com\/?p=32194"},"modified":"2025-07-21T10:27:44","modified_gmt":"2025-07-21T10:27:44","slug":"evento-musical","status":"publish","type":"post","link":"https:\/\/clases-guitarra-valencia.com\/blog\/evento-musical\/","title":{"rendered":"Evento musical"},"content":{"rendered":"\n<p>\u00bfCuando se realizar\u00e1?<br><br>La idea es llevar a cabo la grabaci\u00f3n en directo de una serie de canciones a lo largo del pr\u00f3ximo mes de Abril y hasta el mes de Mayo y que posteriormente se proyectar\u00e1n en el evento de celebraci\u00f3n de los 25 a\u00f1os de la fundaci\u00f3n.<\/p>\n\n\n\n<p>\u00bfQue significa grabaci\u00f3n en directo?<br><br>Supone grabar una canci\u00f3n: bajo, bater\u00eda, voz, guitarra. En directo, pero no la emisi\u00f3n en directo. La idea es elegir una canci\u00f3n, ensayarla y el d\u00eda de la grabaci\u00f3n hacer 3-4 intentos y quedarnos con el mejor.<br><br>No se trata de grabar un videoclip donde cada m\u00fasico tocar por separado y posteriormente se mezcla y lleva a cabo un video. Sino de poner una serie de c\u00e1maras y grabar mediante software inform\u00e1tico por l\u00ednea (para garantiza el mejor sonido posible y evitar ruidos etc) la actuaci\u00f3n.<br><br>\u00bfQue canciones tocaremos?<br><br>Se ha considerado intentar elegir canciones que tengan un cierto \u00abmensaje\u00bb en sus letras. Que no sea la Macarena, vaya.<\/p>\n\n\n\n<p>Ideas: <br>1. Todo se transforma (jorge drexler).<br>2. Ama, ama y ensancha el alma (extremoduro)<br><br>Letras con un cierto mensaje, no tiene xq ser una pastelada o optimistas, pero q no sean una gilipollez, vaya.<br><br>\u00bfY la de los ronaldos?<br><br>En este caso haremos una grabaci\u00f3n de la canci\u00f3n y cogeremos un trocito de cada uno de los alumnos y haremos un montaje de la misma (as\u00ed pueden participar 20 personas, si quieren)<br><br>\u00bfDonde lo grabaremos todo?<br><br>Para falicitar la log\u00edstica tanto por horarios de los alumnos, como por el tema de restricciones de covid la idea ser\u00eda hacerlo en mi local y hacerlo a lo largo del mes. As\u00ed hay tiempo de sobra para hacerlo todo.<br><br>Lo guay ser\u00eda intentar crear una escenograf\u00eda chula y que cuando se grabe el directo pues no se vea una pared \u00abchunga\u00bb naranja, sino darle un poquito de gracia.<br><br>\u00bfPrecio?<br><br>La idea que no nos cueste dinero esto, ya hac\u00e9is bastante con participar. Pero bueno si hubiese que comprar algo de material por aquello de hacer que quede m\u00e1s bonito se comentar\u00e1 y quien quiera participar pues libremente que lo haga y quien no, pues nada.<br><br>Dudas me escrib\u00eds por whatsapp.<\/p>\n\n\n\n<p><\/p>\n\n\n\n<p><\/p>\n","protected":false},"excerpt":{"rendered":"<p>\u00bfCuando se realizar\u00e1? La idea es llevar a cabo la grabaci\u00f3n en directo de una serie de canciones a lo largo del pr\u00f3ximo mes de Abril y hasta el mes de Mayo y que posteriormente se proyectar\u00e1n en el evento de celebraci\u00f3n de los 25 a\u00f1os de la fundaci\u00f3n. \u00bfQue significa grabaci\u00f3n en directo? Supone [&hellip;]<\/p>\n","protected":false},"author":1,"featured_media":0,"comment_status":"open","ping_status":"open","sticky":false,"template":"","format":"standard","meta":{"footnotes":""},"categories":[1],"tags":[],"class_list":["post-32194","post","type-post","status-publish","format-standard","hentry","category-sin-categoria"],"_links":{"self":[{"href":"https:\/\/clases-guitarra-valencia.com\/blog\/wp-json\/wp\/v2\/posts\/32194","targetHints":{"allow":["GET"]}}],"collection":[{"href":"https:\/\/clases-guitarra-valencia.com\/blog\/wp-json\/wp\/v2\/posts"}],"about":[{"href":"https:\/\/clases-guitarra-valencia.com\/blog\/wp-json\/wp\/v2\/types\/post"}],"author":[{"embeddable":true,"href":"https:\/\/clases-guitarra-valencia.com\/blog\/wp-json\/wp\/v2\/users\/1"}],"replies":[{"embeddable":true,"href":"https:\/\/clases-guitarra-valencia.com\/blog\/wp-json\/wp\/v2\/comments?post=32194"}],"version-history":[{"count":1,"href":"https:\/\/clases-guitarra-valencia.com\/blog\/wp-json\/wp\/v2\/posts\/32194\/revisions"}],"predecessor-version":[{"id":32195,"href":"https:\/\/clases-guitarra-valencia.com\/blog\/wp-json\/wp\/v2\/posts\/32194\/revisions\/32195"}],"wp:attachment":[{"href":"https:\/\/clases-guitarra-valencia.com\/blog\/wp-json\/wp\/v2\/media?parent=32194"}],"wp:term":[{"taxonomy":"category","embeddable":true,"href":"https:\/\/clases-guitarra-valencia.com\/blog\/wp-json\/wp\/v2\/categories?post=32194"},{"taxonomy":"post_tag","embeddable":true,"href":"https:\/\/clases-guitarra-valencia.com\/blog\/wp-json\/wp\/v2\/tags?post=32194"}],"curies":[{"name":"wp","href":"https:\/\/api.w.org\/{rel}","templated":true}]}}