{"id":3557,"date":"2016-03-19T21:42:15","date_gmt":"2016-03-19T21:42:15","guid":{"rendered":"http:\/\/clases-guitarra-valencia.com\/?p=3557"},"modified":"2016-03-20T06:31:06","modified_gmt":"2016-03-20T06:31:06","slug":"nuevos-festivales-de-musica-de-verano-en-madrid","status":"publish","type":"post","link":"https:\/\/clases-guitarra-valencia.com\/blog\/nuevos-festivales-de-musica-de-verano-en-madrid\/","title":{"rendered":"nuevos festivales de m\u00fasica de verano en Madrid"},"content":{"rendered":"<p>La ciudad de \u00a0<strong>Madrid<\/strong>, esta de enhorabuena. Despu\u00e9s de much\u00edsimos a\u00f1os pregunt\u00e1ndonos c\u00f3mo era posible que la capital de Espa\u00f1a no contase con una oferta musical acorde a la demanda potencial de asistentes, por fin parecen haberse puesto las pilas las principales promotoras y para esta primavera y verano nos van a ofrecen una m\u00e1s que interesante oferta de m\u00fasica en directo para todo tipo de p\u00fablico.\u00a0\u00a0<strong>Rock, indie, electr\u00f3nica<\/strong>\u2026prep\u00e1rate para el 2016, se presenta cargado de m\u00fasica.<\/p>\n<p><strong>A Summer Story<\/strong><\/p>\n<p><strong>Disorder Events<\/strong>\u00a0presentaba el pasado 2015 el\u00a0<a href=\"https:\/\/www.taquilla.com\/entradas\/a-summer-story\" rel=\"nofollow\">A Summer Story,<\/a>\u00a0una atrevida apuesta por la m\u00fasica electr\u00f3nica en pleno centro de\u00a0<strong>Madrid.<\/strong>\u00a0Trasladar los macrofestivales dance a la capital result\u00f3 ser todo un acierto, llegando a reunir a\u00a0<strong>27.000 personas<\/strong>\u00a0bailando techno, trance, EDM, remember, bass y hard style en su primera edici\u00f3n. Por eso,\u00a0<strong>Arganda del Rey<\/strong>\u00a0volver\u00e1 a acogerlo este verano con un\u00a0<em>line up<\/em>\u00a0de lujo:\u00a0<strong>Deadmau5<\/strong>, ofreciendo una de sus dos \u00fanicas actuaciones (por ahora) en Espa\u00f1a este verano; acompa\u00f1ado de nombres como\u00a0<strong>Oliver Heldens, Paul Kalkbrenner, Joris Voorn, Karenn o Robin Schulz<\/strong>. Consigue ya tu abono para los d\u00edas\u00a0<strong>24 y 25 de julio.<\/strong><\/p>\n<p><center><iframe loading=\"lazy\" src=\"https:\/\/www.youtube.com\/embed\/slOQWG54gnw\" width=\"300\" height=\"150\" frameborder=\"0\" allowfullscreen=\"allowfullscreen\"><\/iframe><\/center><strong>Mad Cool Festival<\/strong><\/p>\n<p>El\u00a0<a href=\"https:\/\/www.taquilla.com\/entradas\/mad-cool-festival-2016\" rel=\"nofollow\">Mad Cool Festival<\/a>\u00a0se ha anunciado este mismo a\u00f1o, y ha llegado para convertirse en la nueva reina del baile. Es\u00a0<strong>elegante, arriesgado y rompedor<\/strong>: con una oferta tan ecl\u00e9ctica como selecta. Lo presiden confirmaciones de la talla de\u00a0<strong>The Prodigy, Neil Young, Two door Cinema Club, Vetusta Morla, Die Antwoord o Bastille<\/strong>, una mezcla sublime para cualquier amante de la m\u00fasica. Los datos hablan por si solos: tres d\u00edas de conciertos, cinco escenarios, zona de\u00a0<em>parking<\/em>\u00a0y\u00a0<strong>15.000 abonos vendidos en las primeras 48 horas<\/strong>. Los pr\u00f3ximos\u00a0<strong>16, 17 y 18 de junio<\/strong>\u00a0en la\u00a0<strong>Caja M\u00e1gica<\/strong>.<\/p>\n<p><center><iframe loading=\"lazy\" src=\"https:\/\/www.youtube.com\/embed\/j777qijo9Eo\" width=\"300\" height=\"150\" frameborder=\"0\" allowfullscreen=\"allowfullscreen\"><\/iframe><\/center><strong>Get Mad! Festival<\/strong><\/p>\n<p>El pr\u00f3ximo\u00a0<strong>27 de mayo<\/strong>\u00a0puedes inaugurar la temporada de festivales como se merece. Porque\u00a0<strong>Black Lips, Wire, Psychic TV y Girlschool<\/strong>\u00a0son s\u00f3lo algunos de los primeros confirmados para el\u00a0<a href=\"https:\/\/www.taquilla.com\/entradas\/getmad-festival\" rel=\"nofollow\">Get Mad! Festival<\/a>. Este festival, que tambi\u00e9n est\u00e1 de estreno, es s\u00f3lo la conclusi\u00f3n m\u00e1s visible y festiva de un nuevo\u00a0<strong><a href=\"https:\/\/www.taquilla.com\/blog\/5-ciclos-conciertos-llenar-madrid-musica\/13103\/\" rel=\"nofollow\">ciclo de conciertos<\/a>\u00a0activo durante todo el a\u00f1o.<\/strong>\u00a0A\u00fana las inquietudes de la ilustraci\u00f3n, el fanzine, la fotograf\u00eda o el cine de culto\u00a0en una propuesta musical.<\/p>\n<p><center><iframe loading=\"lazy\" src=\"https:\/\/www.youtube.com\/embed\/gdbB9EOeKYc\" width=\"300\" height=\"150\" frameborder=\"0\" allowfullscreen=\"allowfullscreen\"><\/iframe><\/center><strong>Festival Utop\u00eda 2016<\/strong><\/p>\n<p>D\u00edas\u00a0<strong>4 y 5 de junio<\/strong>\u00a0de 2016, campus de la Universidad Complutense de Madrid y un nuevo festival. Una f\u00e9rrea apuesta para traer a los m\u00e1s grandes de la electr\u00f3nica al m\u00e1s puro estilo\u00a0<em>Tomorrowland<\/em>. Las primeras confirmaciones as\u00ed lo atestiguan:\u00a0<strong>David Guetta, Alesso, Diplo, Rudimental o W&amp;W<\/strong>\u00a0son los primeros cabezas de cartel. El\u00a0<a href=\"https:\/\/www.taquilla.com\/entradas\/festival-utopia-2016\" rel=\"nofollow\">Festival Utop\u00eda<\/a>\u00a0llega al centro de la capital como una met\u00e1fora de esa ciudad ut\u00f3pica donde todo es\u00a0<strong>liberador, estimulante y dance<\/strong>. Ponen a nuestra disposici\u00f3n m\u00e1s de 40.000 metros cuadrados y tres escenarios con una sola meta: provocar un\u00a0<strong>se\u00edsmo s\u00f3nico<\/strong>. \u00bfTe apuntas?<\/p>\n<p><center><iframe loading=\"lazy\" src=\"https:\/\/www.youtube.com\/embed\/SdmpBeLrzys\" width=\"300\" height=\"150\" frameborder=\"0\" allowfullscreen=\"allowfullscreen\"><\/iframe><\/center><strong>4every1 Festival<\/strong><\/p>\n<p><strong>Dimitri Vegas &amp; Like Mike, John Digweed, Nervo, Fatima Hajji, Jeff Mills, Dannic, Ben Sims, Pepo<\/strong>, \u2026son algunos de los nombres que pasar\u00e1n por\u00a0<strong>M\u00f3stoles<\/strong>\u00a0el pr\u00f3ximo\u00a0<strong>25 de junio<\/strong>\u00a0para celebrar una nueva edici\u00f3n del\u00a0<a href=\"https:\/\/www.taquilla.com\/entradas\/4every1-festival\" rel=\"nofollow\">4every1 Festival<\/a>. Su \u00faltima celebraci\u00f3n se cerr\u00f3 con\u00a0<strong>15.000 asistentes<\/strong>\u00a0satisfechos, y ahora la macrofiesta vuelve con un s\u00f3lo objetivo: el de hacernos<strong>\u00a0amanecer bailando<\/strong>. Para ello, nos ofrecen\u00a0<strong>18 horas de m\u00fasica ininterrumpida,<\/strong>\u00a0zonas de c\u00e9sped, descanso y acampada, atracciones, y precios m\u00e1s que competitivos en todas las consumiciones.<\/p>\n<p><center><iframe loading=\"lazy\" src=\"https:\/\/www.youtube.com\/embed\/cX_0HQALTmU\" width=\"300\" height=\"150\" frameborder=\"0\" allowfullscreen=\"allowfullscreen\"><\/iframe>\u00a0<\/center><center><\/center><center>fuente: taquilla.com<\/center><\/p>\n","protected":false},"excerpt":{"rendered":"<p>La ciudad de \u00a0Madrid, esta de enhorabuena. Despu\u00e9s de much\u00edsimos a\u00f1os pregunt\u00e1ndonos c\u00f3mo era posible que la capital de Espa\u00f1a no contase con una oferta musical acorde a la demanda potencial de asistentes, por fin parecen haberse puesto las pilas las principales promotoras y para esta primavera y verano nos van a ofrecen una m\u00e1s [&hellip;]<\/p>\n","protected":false},"author":1,"featured_media":3558,"comment_status":"open","ping_status":"open","sticky":false,"template":"","format":"standard","meta":{"footnotes":""},"categories":[98],"tags":[102,104,101,103,25],"class_list":["post-3557","post","type-post","status-publish","format-standard","has-post-thumbnail","hentry","category-noticias","tag-directo","tag-electronica","tag-festivales","tag-madrid","tag-rock"],"_links":{"self":[{"href":"https:\/\/clases-guitarra-valencia.com\/blog\/wp-json\/wp\/v2\/posts\/3557","targetHints":{"allow":["GET"]}}],"collection":[{"href":"https:\/\/clases-guitarra-valencia.com\/blog\/wp-json\/wp\/v2\/posts"}],"about":[{"href":"https:\/\/clases-guitarra-valencia.com\/blog\/wp-json\/wp\/v2\/types\/post"}],"author":[{"embeddable":true,"href":"https:\/\/clases-guitarra-valencia.com\/blog\/wp-json\/wp\/v2\/users\/1"}],"replies":[{"embeddable":true,"href":"https:\/\/clases-guitarra-valencia.com\/blog\/wp-json\/wp\/v2\/comments?post=3557"}],"version-history":[{"count":2,"href":"https:\/\/clases-guitarra-valencia.com\/blog\/wp-json\/wp\/v2\/posts\/3557\/revisions"}],"predecessor-version":[{"id":3565,"href":"https:\/\/clases-guitarra-valencia.com\/blog\/wp-json\/wp\/v2\/posts\/3557\/revisions\/3565"}],"wp:featuredmedia":[{"embeddable":true,"href":"https:\/\/clases-guitarra-valencia.com\/blog\/wp-json\/wp\/v2\/media\/3558"}],"wp:attachment":[{"href":"https:\/\/clases-guitarra-valencia.com\/blog\/wp-json\/wp\/v2\/media?parent=3557"}],"wp:term":[{"taxonomy":"category","embeddable":true,"href":"https:\/\/clases-guitarra-valencia.com\/blog\/wp-json\/wp\/v2\/categories?post=3557"},{"taxonomy":"post_tag","embeddable":true,"href":"https:\/\/clases-guitarra-valencia.com\/blog\/wp-json\/wp\/v2\/tags?post=3557"}],"curies":[{"name":"wp","href":"https:\/\/api.w.org\/{rel}","templated":true}]}}