{"id":3569,"date":"2016-03-20T06:55:12","date_gmt":"2016-03-20T06:55:12","guid":{"rendered":"http:\/\/clases-guitarra-valencia.com\/?p=3569"},"modified":"2016-03-20T06:55:33","modified_gmt":"2016-03-20T06:55:33","slug":"post-pop-depresion-nuevo-disco-de-iggy-pop","status":"publish","type":"post","link":"https:\/\/clases-guitarra-valencia.com\/blog\/post-pop-depresion-nuevo-disco-de-iggy-pop\/","title":{"rendered":"Post Pop Depresi\u00f3n nuevo disco de Iggy Pop"},"content":{"rendered":"<div class=\"inset cf\">\n<div class=\"media-holder\">\n<p><img loading=\"lazy\" decoding=\"async\" src=\"http:\/\/images.eldiario.es\/cultura\/Post-Pop-Depression-brillante-Iggy_EDIIMA20160318_0544_4.jpg\" alt=\"&quot;Post Pop Depression&quot;, el \u00e1lbum m\u00e1s &quot;brillante&quot; y &quot;oscuro&quot; de Iggy Pop\" width=\"643\" height=\"362\" \/><\/p>\n<div class=\"caption-inside\">\n<p><strong>El rockero estadounidense Iggy Pop publica hoy su nuevo \u00e1lbum \u00abPost Pop Depression\u00bb<\/strong>, un trabajo que la cr\u00edtica brit\u00e1nica ha calificado de \u00abbrillante\u00bb, con grandes toques de \u00aboscuridad\u00bb y en el que \u00abse proyecta la sombra de David Bowie\u00bb.<\/p>\n<\/div>\n<\/div>\n<\/div>\n<div class=\"pg-body\">\n<div id=\"edi-body\" class=\"mce-body mce no-sticky-adv-socios\">\n<p class=\"mce\">El nuevo material es el resultado de la colaboraci\u00f3n entre James Newell Osterberg, el hombre de 68 a\u00f1os que se esconde tras Iggy Pop, y el fundador del grupo de rock Queen of the Stone Age, Josh Homme, que ejerce esta vez de productor.<\/p>\n<div class=\"no-adv-socios\">\n<div id=\"singleton\">\n<div id=\"SC_InPage.Layer.0.5379892543423921.singleton\"><object id=\"SC_InPage.Player.0.5379892543423921.singleton\" type=\"application\/x-shockwave-flash\" width=\"640\" height=\"480\"><\/object><\/div>\n<\/div>\n<\/div>\n<p class=\"mce\">A ellos se les han unido otros dos m\u00fasicos contempor\u00e1neos igual de influyentes, el bater\u00eda de la banda brit\u00e1nica Arctic Monkeys, Matt Helders, y el bajista y teclista Dean Fertita, para crear un \u00e1lbum \u00abconciso y l\u00fadico\u00bb que a\u00fana en la misma medida \u00abrabia y deleite\u00bb, seg\u00fan el veredicto de varias publicaciones musicales de culto.<\/p>\n<p class=\"mce\">Los cr\u00edticos han llenado de halagos los nueve temas que componen la compilaci\u00f3n decimos\u00e9ptima de Pop, sobre la que el rockero ya avis\u00f3 que ser\u00eda la \u00faltima de su extensa carrera profesional de m\u00e1s de 50 a\u00f1os.<\/p>\n<p class=\"mce\">La revista musical del Reino Unido NME le ha otorgado la m\u00e1xima puntuaci\u00f3n -cinco estrellas- al rese\u00f1ar que Pop y Homme han \u00abcreado algo brillante de la nada\u00bb.<\/p>\n<p class=\"mce\">\u00abPost Pop Depression\u00bb se erige como un \u00e1lbum \u00abdesafiante y heroico\u00bb, plagado de \u00abrock de garaje inteligente\u00bb, que muestra \u00ablo que m\u00e1s preocupa\u00bb al estadounidense en estos momentos: el sexo y la muerte.<\/p>\n<p class=\"mce\">Desde la redacci\u00f3n del diario brit\u00e1nico The Independent, calificaron de \u00abalivio\u00bb que Pop \u00abhaya vuelto al \u00abhard rock\u00bb y se haya puesto serio de nuevo\u00bb tras experimentar con el jazz en sus dos \u00faltimos discos en solitario \u00abApr\u00e8s\u00bb (2012) y \u00abPr\u00e9liminaries\u00bb (2009).<\/p>\n<p class=\"mce\">Para Clash, publicaci\u00f3n brit\u00e1nica especializada en el \u00e1mbito musical, \u00abuna oscuridad tangible\u00bb y \u00abuna corriente de furia\u00bb dominan todo el \u00e1lbum, en el que tambi\u00e9n se encuentran algunas de las \u00abmejores letras escritas\u00bb por el rockero.<\/p>\n<p class=\"mce\">A trav\u00e9s del genuino \u00abParaguay\u00bb, \u00abel tema con m\u00e1s enfado que Pop ha lanzado al mercado desde &#8216;I&#8217;m Sick Of You&#8217; (1977)\u00bb, queda patente que el artista no est\u00e1 tan preparado para enfrentarse al fin de sus d\u00edas, como s\u00ed lo estaba su amigo David Bowie en su \u00faltimo trabajo \u00abBlackstar\u00bb (2016).<\/p>\n<p class=\"mce\">Precisamente, los sonidos y el ambiente de temas como \u00abGardenia\u00bb o \u00abAmerican Valhalla\u00bb hacen \u00abdif\u00edcil de ignorar la sombra que proyecta Bowie sobre este \u00e1lbum\u00bb, quien ya produjo dos compilaciones de Pop, \u00abThe Idiot\u00bb y \u00abLust For Life\u00bb, ambas de 1977.<\/p>\n<p class=\"mce\">Durante aquel a\u00f1o, los dos artistas compartieron piso en Berl\u00edn; una etapa que ahora Pop plasma en la canci\u00f3n \u00abGerman Days\u00bb, un tema que empieza con una intensa introducci\u00f3n de guitarra para culminar con la voz del rockero disuelta casi entre susurros.<\/p>\n<p class=\"mce\">Las tres publicaciones coronan como la obra maestra del disco \u00abSunday\u00bb, una composici\u00f3n \u00abelegantemente forjada\u00bb de funk-metal que explota en los \u00faltimos noventa segundos en un \u00abdram\u00e1tico final\u00bb orquestado a ritmo de vals.<\/p>\n<p class=\"mce\">Lo nuevo del rockero estadounidense se concibi\u00f3 en enero de 2015 como un proyecto de colaboraci\u00f3n entre Pop y Homme, quienes tras intercambiarse mensajes de texto y enviarse notas, maquetas, letras y algunos poemas por correo electr\u00f3nico decidieron trabajar juntos.<\/p>\n<p class=\"mce\">Durante tres semanas se encerraron en el estudio de grabaci\u00f3n de Homme en Joshua Tree (California), una localidad de 7.000 habitantes, hasta que finalmente vio la luz \u00abPost Pop Depression\u00bb, un \u00e1lbum que ambos financiaron de su bolsillo.<\/p>\n<p class=\"mce\">Esta simbiosis entre los dos iconos de la m\u00fasica actual hace que el reciente \u00e1lbum de Pop no sea s\u00f3lo un trabajo de despedida, ya que la mano del fundador de Queens of the Stone Age consigue que temas como los citados \u00abSunday\u00bb y \u00abGardenia\u00bb se queden pegados en la mente del p\u00fablico.<\/p>\n<p class=\"mce\">La revista Clash aclama adem\u00e1s el bajo distorsionado de Dean Fertita, que ofrece \u00abalgunos de los momentos m\u00e1s emocionantes\u00bb, y el dominio de las baquetas de Matt Helders, que \u00abdemuestra con creces que tambi\u00e9n puede manejarse con grandes nombres\u00bb.<\/p>\n<p class=\"mce\">El carisma y magnetismo de Pop, que se encuentra en todo el \u00e1lbum, tambi\u00e9n cal\u00f3 sobre estos tres m\u00fasicos, que entraban en \u00abun estado de depresi\u00f3n\u00bb y de tristeza cada vez que el cantante abandonaba el estudio.<\/p>\n<\/div>\n<\/div>\n","protected":false},"excerpt":{"rendered":"<p>El rockero estadounidense Iggy Pop publica hoy su nuevo \u00e1lbum \u00abPost Pop Depression\u00bb, un trabajo que la cr\u00edtica brit\u00e1nica ha calificado de \u00abbrillante\u00bb, con grandes toques de \u00aboscuridad\u00bb y en el que \u00abse proyecta la sombra de David Bowie\u00bb. El nuevo material es el resultado de la colaboraci\u00f3n entre James Newell Osterberg, el hombre de [&hellip;]<\/p>\n","protected":false},"author":1,"featured_media":3571,"comment_status":"open","ping_status":"open","sticky":false,"template":"","format":"standard","meta":{"footnotes":""},"categories":[38,2,98],"tags":[115,116,25],"class_list":["post-3569","post","type-post","status-publish","format-standard","has-post-thumbnail","hentry","category-destacados","category-blog","category-noticias","tag-disco","tag-iggy-pop","tag-rock"],"_links":{"self":[{"href":"https:\/\/clases-guitarra-valencia.com\/blog\/wp-json\/wp\/v2\/posts\/3569","targetHints":{"allow":["GET"]}}],"collection":[{"href":"https:\/\/clases-guitarra-valencia.com\/blog\/wp-json\/wp\/v2\/posts"}],"about":[{"href":"https:\/\/clases-guitarra-valencia.com\/blog\/wp-json\/wp\/v2\/types\/post"}],"author":[{"embeddable":true,"href":"https:\/\/clases-guitarra-valencia.com\/blog\/wp-json\/wp\/v2\/users\/1"}],"replies":[{"embeddable":true,"href":"https:\/\/clases-guitarra-valencia.com\/blog\/wp-json\/wp\/v2\/comments?post=3569"}],"version-history":[{"count":2,"href":"https:\/\/clases-guitarra-valencia.com\/blog\/wp-json\/wp\/v2\/posts\/3569\/revisions"}],"predecessor-version":[{"id":3572,"href":"https:\/\/clases-guitarra-valencia.com\/blog\/wp-json\/wp\/v2\/posts\/3569\/revisions\/3572"}],"wp:featuredmedia":[{"embeddable":true,"href":"https:\/\/clases-guitarra-valencia.com\/blog\/wp-json\/wp\/v2\/media\/3571"}],"wp:attachment":[{"href":"https:\/\/clases-guitarra-valencia.com\/blog\/wp-json\/wp\/v2\/media?parent=3569"}],"wp:term":[{"taxonomy":"category","embeddable":true,"href":"https:\/\/clases-guitarra-valencia.com\/blog\/wp-json\/wp\/v2\/categories?post=3569"},{"taxonomy":"post_tag","embeddable":true,"href":"https:\/\/clases-guitarra-valencia.com\/blog\/wp-json\/wp\/v2\/tags?post=3569"}],"curies":[{"name":"wp","href":"https:\/\/api.w.org\/{rel}","templated":true}]}}